{"id":15063,"date":"2025-09-23T08:00:21","date_gmt":"2025-09-23T06:00:21","guid":{"rendered":"https:\/\/on-euskara.lantegia.io\/?p=15063"},"modified":"2026-03-23T16:29:22","modified_gmt":"2026-03-23T15:29:22","slug":"lenquete-sociolinguistique-un-thermometre-de-leuskara","status":"publish","type":"post","link":"https:\/\/on.eus\/fr\/lenquete-sociolinguistique-un-thermometre-de-leuskara\/","title":{"rendered":"L\u2019enqu\u00eate sociolinguistique : un thermom\u00e8tre de l\u2019euskara"},"content":{"rendered":"\t\t<div data-elementor-type=\"wp-post\" data-elementor-id=\"15063\" class=\"elementor elementor-15063\" data-elementor-post-type=\"post\">\n\t\t\t\t<div class=\"elementor-element elementor-element-34c04b90 e-flex e-con-boxed e-con e-parent\" data-id=\"34c04b90\" data-element_type=\"container\" data-e-type=\"container\">\n\t\t\t\t\t<div class=\"e-con-inner\">\n\t\t\t\t<div class=\"elementor-element elementor-element-6f24830 elementor-widget elementor-widget-text-editor\" data-id=\"6f24830\" data-element_type=\"widget\" data-e-type=\"widget\" data-widget_type=\"text-editor.default\">\n\t\t\t\t\t\t\t\t\t<p>L\u2019enqu\u00eate sociolinguistique est r\u00e9alis\u00e9e tous les 5 ans depuis 1991 sur l\u2019ensemble des territoires d\u2019expression de la langue basque, \u00e0 savoir : le territoire de la Communaut\u00e9 autonome d\u2019Euskadi, le territoire de la Navarre et le territoire du Pays Basque Nord.<\/p>\t\t\t\t\t\t\t\t<\/div>\n\t\t\t\t<div class=\"elementor-element elementor-element-4ba5b82c elementor-widget elementor-widget-text-editor\" data-id=\"4ba5b82c\" data-element_type=\"widget\" data-e-type=\"widget\" data-widget_type=\"text-editor.default\">\n\t\t\t\t\t\t\t\t\t<p><strong>\u2192 Pourquoi<\/strong> une enqu\u00eate sociolinguistique\u00a0?<\/p><p>Pour \u00e9tablir un \u00e9tat de situation de la vitalit\u00e9 de la langue et en suivre l\u2019\u00e9volution de mani\u00e8re r\u00e9guli\u00e8re.<\/p><p>\u00a0<\/p><p>\u2192 L\u2019enqu\u00eate sociolinguistique, <strong>pour mesurer quoi<\/strong>\u00a0?<\/p><p>L\u2019enqu\u00eate s\u2019int\u00e9resse \u00e0 4 aspects\u00a0:<\/p><ul><li>La comp\u00e9tence linguistique des habitants<\/li><li>La transmission de la langue<\/li><li>L\u2019utilisation de la langue dans divers domaines (\u00e0 la maison, entre amis, au travail et dans les domaines de communication formels)<\/li><li>L\u2019opinion envers la promotion de l\u2019usage la langue<\/li><\/ul><p>\u00a0<\/p><p>\u2192 L\u2019enqu\u00eate sociolinguistique, <strong>\u00e7a marche comment<\/strong>\u00a0?<\/p><p>Un questionnaire t\u00e9l\u00e9phonique d\u2019environ une vingtaine de minutes est r\u00e9alis\u00e9 aupr\u00e8s d\u2019un \u00e9chantillon de 2.000 personnes de 16 ans et plus r\u00e9sidant sur le territoire du Pays Basque Nord. L\u2019\u00e9chantillonnage est d\u00e9coup\u00e9 (ou \u00ab\u00a0stratifi\u00e9\u00a0\u00bb) selon les crit\u00e8res suivants\u00a0:<\/p><ul><li>Genre<\/li><li>Tranches d\u2019\u00e2ge<\/li><li>Territoire sociolinguistique (zone Biarritz-Anglet-Bayonne, Labourd, Basse Navarre\/Soule)<\/li><\/ul><p>\u00a0<\/p><p>\u2192 L\u2019enqu\u00eate sociolinguistique, <strong>elle dit quoi de la situation de l\u2019euskara aujourd\u2019hui\u00a0<\/strong>?<\/p>\t\t\t\t\t\t\t\t<\/div>\n\t\t\t\t<div class=\"elementor-element elementor-element-c066a08 elementor-widget elementor-widget-gallery\" data-id=\"c066a08\" data-element_type=\"widget\" data-e-type=\"widget\" data-settings=\"{&quot;gallery_layout&quot;:&quot;masonry&quot;,&quot;columns&quot;:2,&quot;lazyload&quot;:&quot;yes&quot;,&quot;columns_tablet&quot;:2,&quot;columns_mobile&quot;:1,&quot;gap&quot;:{&quot;unit&quot;:&quot;px&quot;,&quot;size&quot;:10,&quot;sizes&quot;:[]},&quot;gap_tablet&quot;:{&quot;unit&quot;:&quot;px&quot;,&quot;size&quot;:10,&quot;sizes&quot;:[]},&quot;gap_mobile&quot;:{&quot;unit&quot;:&quot;px&quot;,&quot;size&quot;:10,&quot;sizes&quot;:[]},&quot;link_to&quot;:&quot;file&quot;,&quot;overlay_background&quot;:&quot;yes&quot;,&quot;content_hover_animation&quot;:&quot;fade-in&quot;}\" data-widget_type=\"gallery.default\">\n\t\t\t\t\t\t\t<div class=\"elementor-gallery__container\">\n\t\t\t\t\t\t\t<a class=\"e-gallery-item elementor-gallery-item elementor-animated-content\" href=\"https:\/\/on.eus\/wp-content\/uploads\/2025\/09\/Grafikoa-gaitasuna-FR-1.jpg\" data-elementor-open-lightbox=\"yes\" data-elementor-lightbox-slideshow=\"c066a08\" data-elementor-lightbox-title=\"Grafikoa-gaitasuna-FR\" data-e-action-hash=\"#elementor-action%3Aaction%3Dlightbox%26settings%3DeyJpZCI6MTUwNzMsInVybCI6Imh0dHBzOlwvXC9vbi5ldXNcL3dwLWNvbnRlbnRcL3VwbG9hZHNcLzIwMjVcLzA5XC9HcmFmaWtvYS1nYWl0YXN1bmEtRlItMS5qcGciLCJzbGlkZXNob3ciOiJjMDY2YTA4In0%3D\">\n\t\t\t\t\t<div class=\"e-gallery-image elementor-gallery-item__image\" data-thumbnail=\"https:\/\/on.eus\/wp-content\/uploads\/2025\/09\/Grafikoa-gaitasuna-FR-1.jpg\" data-width=\"354\" data-height=\"472\" aria-label=\"\" role=\"img\" ><\/div>\n\t\t\t\t\t\t\t\t\t\t\t<div class=\"elementor-gallery-item__overlay\"><\/div>\n\t\t\t\t\t\t\t\t\t\t\t\t\t\t<\/a>\n\t\t\t\t\t\t\t<a class=\"e-gallery-item elementor-gallery-item elementor-animated-content\" href=\"https:\/\/on.eus\/wp-content\/uploads\/2025\/09\/Grafikoa-bilakaera-FR.jpg\" data-elementor-open-lightbox=\"yes\" data-elementor-lightbox-slideshow=\"c066a08\" data-elementor-lightbox-title=\"Grafikoa-bilakaera-FR\" data-e-action-hash=\"#elementor-action%3Aaction%3Dlightbox%26settings%3DeyJpZCI6MTUwNjksInVybCI6Imh0dHBzOlwvXC9vbi5ldXNcL3dwLWNvbnRlbnRcL3VwbG9hZHNcLzIwMjVcLzA5XC9HcmFmaWtvYS1iaWxha2FlcmEtRlIuanBnIiwic2xpZGVzaG93IjoiYzA2NmEwOCJ9\">\n\t\t\t\t\t<div class=\"e-gallery-image elementor-gallery-item__image\" data-thumbnail=\"https:\/\/on.eus\/wp-content\/uploads\/2025\/09\/Grafikoa-bilakaera-FR.jpg\" data-width=\"433\" data-height=\"465\" aria-label=\"\" role=\"img\" ><\/div>\n\t\t\t\t\t\t\t\t\t\t\t<div class=\"elementor-gallery-item__overlay\"><\/div>\n\t\t\t\t\t\t\t\t\t\t\t\t\t\t<\/a>\n\t\t\t\t\t\t\t<a class=\"e-gallery-item elementor-gallery-item elementor-animated-content\" href=\"https:\/\/on.eus\/wp-content\/uploads\/2025\/09\/Gaitasuna-adin-tarteka-FR-2.jpg\" data-elementor-open-lightbox=\"yes\" data-elementor-lightbox-slideshow=\"c066a08\" data-elementor-lightbox-title=\"Gaitasuna-adin tarteka-FR-2\" data-e-action-hash=\"#elementor-action%3Aaction%3Dlightbox%26settings%3DeyJpZCI6MTUwNzksInVybCI6Imh0dHBzOlwvXC9vbi5ldXNcL3dwLWNvbnRlbnRcL3VwbG9hZHNcLzIwMjVcLzA5XC9HYWl0YXN1bmEtYWRpbi10YXJ0ZWthLUZSLTIuanBnIiwic2xpZGVzaG93IjoiYzA2NmEwOCJ9\">\n\t\t\t\t\t<div class=\"e-gallery-image elementor-gallery-item__image\" data-thumbnail=\"https:\/\/on.eus\/wp-content\/uploads\/2025\/09\/Gaitasuna-adin-tarteka-FR-2.jpg\" data-width=\"1360\" data-height=\"1104\" aria-label=\"\" role=\"img\" ><\/div>\n\t\t\t\t\t\t\t\t\t\t\t<div class=\"elementor-gallery-item__overlay\"><\/div>\n\t\t\t\t\t\t\t\t\t\t\t\t\t\t<\/a>\n\t\t\t\t\t\t\t<a class=\"e-gallery-item elementor-gallery-item elementor-animated-content\" href=\"https:\/\/on.eus\/wp-content\/uploads\/2025\/09\/Grafikoa-gaitasuna-lurraldeka-FR.jpg\" data-elementor-open-lightbox=\"yes\" data-elementor-lightbox-slideshow=\"c066a08\" data-elementor-lightbox-title=\"Grafikoa-gaitasuna-lurraldeka-FR\" data-e-action-hash=\"#elementor-action%3Aaction%3Dlightbox%26settings%3DeyJpZCI6MTUwNzUsInVybCI6Imh0dHBzOlwvXC9vbi5ldXNcL3dwLWNvbnRlbnRcL3VwbG9hZHNcLzIwMjVcLzA5XC9HcmFmaWtvYS1nYWl0YXN1bmEtbHVycmFsZGVrYS1GUi5qcGciLCJzbGlkZXNob3ciOiJjMDY2YTA4In0%3D\">\n\t\t\t\t\t<div class=\"e-gallery-image elementor-gallery-item__image\" data-thumbnail=\"https:\/\/on.eus\/wp-content\/uploads\/2025\/09\/Grafikoa-gaitasuna-lurraldeka-FR.jpg\" data-width=\"707\" data-height=\"362\" aria-label=\"\" role=\"img\" ><\/div>\n\t\t\t\t\t\t\t\t\t\t\t<div class=\"elementor-gallery-item__overlay\"><\/div>\n\t\t\t\t\t\t\t\t\t\t\t\t\t\t<\/a>\n\t\t\t\t\t\t\t<a class=\"e-gallery-item elementor-gallery-item elementor-animated-content\" href=\"https:\/\/on.eus\/wp-content\/uploads\/2025\/09\/Grafikoa-transmisioa-adin-tarteka-FR.jpg\" data-elementor-open-lightbox=\"yes\" data-elementor-lightbox-slideshow=\"c066a08\" data-elementor-lightbox-title=\"Grafikoa-transmisioa-adin tarteka-FR\" data-e-action-hash=\"#elementor-action%3Aaction%3Dlightbox%26settings%3DeyJpZCI6MTUwNzcsInVybCI6Imh0dHBzOlwvXC9vbi5ldXNcL3dwLWNvbnRlbnRcL3VwbG9hZHNcLzIwMjVcLzA5XC9HcmFmaWtvYS10cmFuc21pc2lvYS1hZGluLXRhcnRla2EtRlIuanBnIiwic2xpZGVzaG93IjoiYzA2NmEwOCJ9\">\n\t\t\t\t\t<div class=\"e-gallery-image elementor-gallery-item__image\" data-thumbnail=\"https:\/\/on.eus\/wp-content\/uploads\/2025\/09\/Grafikoa-transmisioa-adin-tarteka-FR.jpg\" data-width=\"763\" data-height=\"416\" aria-label=\"\" role=\"img\" ><\/div>\n\t\t\t\t\t\t\t\t\t\t\t<div class=\"elementor-gallery-item__overlay\"><\/div>\n\t\t\t\t\t\t\t\t\t\t\t\t\t\t<\/a>\n\t\t\t\t\t\t\t<a class=\"e-gallery-item elementor-gallery-item elementor-animated-content\" href=\"https:\/\/on.eus\/wp-content\/uploads\/2025\/09\/Grafikoa-erabilpena-FR.jpg\" data-elementor-open-lightbox=\"yes\" data-elementor-lightbox-slideshow=\"c066a08\" data-elementor-lightbox-title=\"Grafikoa-erabilpena-FR\" data-e-action-hash=\"#elementor-action%3Aaction%3Dlightbox%26settings%3DeyJpZCI6MTUwNzEsInVybCI6Imh0dHBzOlwvXC9vbi5ldXNcL3dwLWNvbnRlbnRcL3VwbG9hZHNcLzIwMjVcLzA5XC9HcmFmaWtvYS1lcmFiaWxwZW5hLUZSLmpwZyIsInNsaWRlc2hvdyI6ImMwNjZhMDgifQ%3D%3D\">\n\t\t\t\t\t<div class=\"e-gallery-image elementor-gallery-item__image\" data-thumbnail=\"https:\/\/on.eus\/wp-content\/uploads\/2025\/09\/Grafikoa-erabilpena-FR.jpg\" data-width=\"599\" data-height=\"417\" aria-label=\"\" role=\"img\" ><\/div>\n\t\t\t\t\t\t\t\t\t\t\t<div class=\"elementor-gallery-item__overlay\"><\/div>\n\t\t\t\t\t\t\t\t\t\t\t\t\t\t<\/a>\n\t\t\t\t\t<\/div>\n\t\t\t\t\t<\/div>\n\t\t\t\t\t<\/div>\n\t\t\t\t<\/div>\n\t\t\t\t<\/div>\n\t\t","protected":false},"excerpt":{"rendered":"<p>L\u2019enqu\u00eate sociolinguistique est r\u00e9alis\u00e9e tous les 5 ans depuis 1991 sur l\u2019ensemble des territoires d\u2019expression de la langue basque, \u00e0 savoir : le territoire de la Communaut\u00e9 autonome d\u2019Euskadi, le territoire de la Navarre et le territoire du Pays Basque Nord. \u2192 Pourquoi une enqu\u00eate sociolinguistique\u00a0? Pour \u00e9tablir un \u00e9tat de situation de la vitalit\u00e9 [&hellip;]<\/p>\n","protected":false},"author":1,"featured_media":15064,"comment_status":"open","ping_status":"closed","sticky":false,"template":"","format":"standard","meta":{"_acf_changed":false,"footnotes":""},"categories":[199,196,198],"tags":[],"idazlea":[353],"class_list":["post-15063","post","type-post","status-publish","format-standard","has-post-thumbnail","hentry","category-apprendre-leuskara","category-decouvrir-leuskara","category-vivre-en-euskara","idazlea-on"],"acf":[],"yoast_head":"<!-- This site is optimized with the Yoast SEO plugin v27.5 - https:\/\/yoast.com\/product\/yoast-seo-wordpress\/ -->\n<title>L\u2019enqu\u00eate sociolinguistique : un thermom\u00e8tre de l\u2019euskara &#8226; On!<\/title>\n<meta name=\"robots\" content=\"index, follow, max-snippet:-1, max-image-preview:large, max-video-preview:-1\" \/>\n<link rel=\"canonical\" href=\"https:\/\/on.eus\/fr\/lenquete-sociolinguistique-un-thermometre-de-leuskara\/\" \/>\n<meta property=\"og:locale\" content=\"fr_FR\" \/>\n<meta property=\"og:type\" content=\"article\" \/>\n<meta property=\"og:title\" content=\"L\u2019enqu\u00eate sociolinguistique : un thermom\u00e8tre de l\u2019euskara &#8226; On!\" \/>\n<meta property=\"og:description\" content=\"L\u2019enqu\u00eate sociolinguistique est r\u00e9alis\u00e9e tous les 5 ans depuis 1991 sur l\u2019ensemble des territoires d\u2019expression de la langue basque, \u00e0 savoir : le territoire de la Communaut\u00e9 autonome d\u2019Euskadi, le territoire de la Navarre et le territoire du Pays Basque Nord. \u2192 Pourquoi une enqu\u00eate sociolinguistique\u00a0? Pour \u00e9tablir un \u00e9tat de situation de la vitalit\u00e9 [&hellip;]\" \/>\n<meta property=\"og:url\" content=\"https:\/\/on.eus\/fr\/lenquete-sociolinguistique-un-thermometre-de-leuskara\/\" \/>\n<meta property=\"og:site_name\" content=\"On!\" \/>\n<meta property=\"article:publisher\" content=\"https:\/\/www.facebook.com\/ongietorria\" \/>\n<meta property=\"article:published_time\" content=\"2025-09-23T06:00:21+00:00\" \/>\n<meta property=\"article:modified_time\" content=\"2026-03-23T15:29:22+00:00\" \/>\n<meta property=\"og:image\" content=\"https:\/\/on.eus\/wp-content\/uploads\/2025\/09\/ON-euskara-inkesta.jpg\" \/>\n\t<meta property=\"og:image:width\" content=\"2500\" \/>\n\t<meta property=\"og:image:height\" content=\"1250\" \/>\n\t<meta property=\"og:image:type\" content=\"image\/jpeg\" \/>\n<meta name=\"author\" content=\"ON!\" \/>\n<meta name=\"twitter:card\" content=\"summary_large_image\" \/>\n<meta name=\"twitter:label1\" content=\"\u00c9crit par\" \/>\n\t<meta name=\"twitter:data1\" content=\"ON!\" \/>\n\t<meta name=\"twitter:label2\" content=\"Dur\u00e9e de lecture estim\u00e9e\" \/>\n\t<meta name=\"twitter:data2\" content=\"1 minute\" \/>\n<script type=\"application\/ld+json\" class=\"yoast-schema-graph\">{\"@context\":\"https:\\\/\\\/schema.org\",\"@graph\":[{\"@type\":\"Article\",\"@id\":\"https:\\\/\\\/on.eus\\\/fr\\\/lenquete-sociolinguistique-un-thermometre-de-leuskara\\\/#article\",\"isPartOf\":{\"@id\":\"https:\\\/\\\/on.eus\\\/fr\\\/lenquete-sociolinguistique-un-thermometre-de-leuskara\\\/\"},\"author\":{\"name\":\"ON!\",\"@id\":\"https:\\\/\\\/on.eus\\\/fr\\\/#\\\/schema\\\/person\\\/4b8da70f888d6e56d467a615192bd5c8\"},\"headline\":\"L\u2019enqu\u00eate sociolinguistique : un thermom\u00e8tre de l\u2019euskara\",\"datePublished\":\"2025-09-23T06:00:21+00:00\",\"dateModified\":\"2026-03-23T15:29:22+00:00\",\"mainEntityOfPage\":{\"@id\":\"https:\\\/\\\/on.eus\\\/fr\\\/lenquete-sociolinguistique-un-thermometre-de-leuskara\\\/\"},\"wordCount\":218,\"commentCount\":0,\"publisher\":{\"@id\":\"https:\\\/\\\/on.eus\\\/fr\\\/#organization\"},\"image\":{\"@id\":\"https:\\\/\\\/on.eus\\\/fr\\\/lenquete-sociolinguistique-un-thermometre-de-leuskara\\\/#primaryimage\"},\"thumbnailUrl\":\"https:\\\/\\\/on.eus\\\/wp-content\\\/uploads\\\/2025\\\/09\\\/ON-euskara-inkesta.jpg\",\"articleSection\":[\"Apprendre l&#039;euskara\",\"D\u00e9couvrir l&#039;euskara\",\"Vivre en euskara\"],\"inLanguage\":\"fr-FR\",\"potentialAction\":[{\"@type\":\"CommentAction\",\"name\":\"Comment\",\"target\":[\"https:\\\/\\\/on.eus\\\/fr\\\/lenquete-sociolinguistique-un-thermometre-de-leuskara\\\/#respond\"]}]},{\"@type\":\"WebPage\",\"@id\":\"https:\\\/\\\/on.eus\\\/fr\\\/lenquete-sociolinguistique-un-thermometre-de-leuskara\\\/\",\"url\":\"https:\\\/\\\/on.eus\\\/fr\\\/lenquete-sociolinguistique-un-thermometre-de-leuskara\\\/\",\"name\":\"L\u2019enqu\u00eate sociolinguistique : un thermom\u00e8tre de l\u2019euskara &#8226; On!\",\"isPartOf\":{\"@id\":\"https:\\\/\\\/on.eus\\\/fr\\\/#website\"},\"primaryImageOfPage\":{\"@id\":\"https:\\\/\\\/on.eus\\\/fr\\\/lenquete-sociolinguistique-un-thermometre-de-leuskara\\\/#primaryimage\"},\"image\":{\"@id\":\"https:\\\/\\\/on.eus\\\/fr\\\/lenquete-sociolinguistique-un-thermometre-de-leuskara\\\/#primaryimage\"},\"thumbnailUrl\":\"https:\\\/\\\/on.eus\\\/wp-content\\\/uploads\\\/2025\\\/09\\\/ON-euskara-inkesta.jpg\",\"datePublished\":\"2025-09-23T06:00:21+00:00\",\"dateModified\":\"2026-03-23T15:29:22+00:00\",\"breadcrumb\":{\"@id\":\"https:\\\/\\\/on.eus\\\/fr\\\/lenquete-sociolinguistique-un-thermometre-de-leuskara\\\/#breadcrumb\"},\"inLanguage\":\"fr-FR\",\"potentialAction\":[{\"@type\":\"ReadAction\",\"target\":[\"https:\\\/\\\/on.eus\\\/fr\\\/lenquete-sociolinguistique-un-thermometre-de-leuskara\\\/\"]}]},{\"@type\":\"ImageObject\",\"inLanguage\":\"fr-FR\",\"@id\":\"https:\\\/\\\/on.eus\\\/fr\\\/lenquete-sociolinguistique-un-thermometre-de-leuskara\\\/#primaryimage\",\"url\":\"https:\\\/\\\/on.eus\\\/wp-content\\\/uploads\\\/2025\\\/09\\\/ON-euskara-inkesta.jpg\",\"contentUrl\":\"https:\\\/\\\/on.eus\\\/wp-content\\\/uploads\\\/2025\\\/09\\\/ON-euskara-inkesta.jpg\",\"width\":2500,\"height\":1250},{\"@type\":\"BreadcrumbList\",\"@id\":\"https:\\\/\\\/on.eus\\\/fr\\\/lenquete-sociolinguistique-un-thermometre-de-leuskara\\\/#breadcrumb\",\"itemListElement\":[{\"@type\":\"ListItem\",\"position\":1,\"name\":\"Hasiera\",\"item\":\"https:\\\/\\\/on.eus\\\/fr\\\/\"},{\"@type\":\"ListItem\",\"position\":2,\"name\":\"L\u2019enqu\u00eate sociolinguistique : un thermom\u00e8tre de l\u2019euskara\"}]},{\"@type\":\"WebSite\",\"@id\":\"https:\\\/\\\/on.eus\\\/fr\\\/#website\",\"url\":\"https:\\\/\\\/on.eus\\\/fr\\\/\",\"name\":\"ON!\",\"description\":\"Pizten gaituena\",\"publisher\":{\"@id\":\"https:\\\/\\\/on.eus\\\/fr\\\/#organization\"},\"alternateName\":\"Piztu euskaraz\",\"potentialAction\":[{\"@type\":\"SearchAction\",\"target\":{\"@type\":\"EntryPoint\",\"urlTemplate\":\"https:\\\/\\\/on.eus\\\/fr\\\/?s={search_term_string}\"},\"query-input\":{\"@type\":\"PropertyValueSpecification\",\"valueRequired\":true,\"valueName\":\"search_term_string\"}}],\"inLanguage\":\"fr-FR\"},{\"@type\":\"Organization\",\"@id\":\"https:\\\/\\\/on.eus\\\/fr\\\/#organization\",\"name\":\"On!\",\"url\":\"https:\\\/\\\/on.eus\\\/fr\\\/\",\"logo\":{\"@type\":\"ImageObject\",\"inLanguage\":\"fr-FR\",\"@id\":\"https:\\\/\\\/on.eus\\\/fr\\\/#\\\/schema\\\/logo\\\/image\\\/\",\"url\":\"https:\\\/\\\/on.eus\\\/wp-content\\\/uploads\\\/2025\\\/09\\\/logo-on-euskara-eskura.png\",\"contentUrl\":\"https:\\\/\\\/on.eus\\\/wp-content\\\/uploads\\\/2025\\\/09\\\/logo-on-euskara-eskura.png\",\"width\":696,\"height\":696,\"caption\":\"On!\"},\"image\":{\"@id\":\"https:\\\/\\\/on.eus\\\/fr\\\/#\\\/schema\\\/logo\\\/image\\\/\"},\"sameAs\":[\"https:\\\/\\\/www.facebook.com\\\/ongietorria\",\"https:\\\/\\\/www.instagram.com\\\/onpiztu\\\/\",\"https:\\\/\\\/www.linkedin.com\\\/company\\\/onpiztu\",\"https:\\\/\\\/www.youtube.com\\\/@piztu-euskara\",\"https:\\\/\\\/mastodon.eus\\\/@Piztueuskara\"]},{\"@type\":\"Person\",\"@id\":\"https:\\\/\\\/on.eus\\\/fr\\\/#\\\/schema\\\/person\\\/4b8da70f888d6e56d467a615192bd5c8\",\"name\":\"ON!\",\"image\":{\"@type\":\"ImageObject\",\"inLanguage\":\"fr-FR\",\"@id\":\"https:\\\/\\\/secure.gravatar.com\\\/avatar\\\/4ff3461f4e3e7fe2e903032214fcc2f065751565b40581e9e1c1792ad5723239?s=96&d=mm&r=g\",\"url\":\"https:\\\/\\\/secure.gravatar.com\\\/avatar\\\/4ff3461f4e3e7fe2e903032214fcc2f065751565b40581e9e1c1792ad5723239?s=96&d=mm&r=g\",\"contentUrl\":\"https:\\\/\\\/secure.gravatar.com\\\/avatar\\\/4ff3461f4e3e7fe2e903032214fcc2f065751565b40581e9e1c1792ad5723239?s=96&d=mm&r=g\",\"caption\":\"ON!\"},\"sameAs\":[\"https:\\\/\\\/on.eus\"],\"url\":\"https:\\\/\\\/on.eus\\\/fr\\\/author\\\/info_pcac1wat\\\/\"}]}<\/script>\n<!-- \/ Yoast SEO plugin. -->","yoast_head_json":{"title":"L\u2019enqu\u00eate sociolinguistique : un thermom\u00e8tre de l\u2019euskara &#8226; On!","robots":{"index":"index","follow":"follow","max-snippet":"max-snippet:-1","max-image-preview":"max-image-preview:large","max-video-preview":"max-video-preview:-1"},"canonical":"https:\/\/on.eus\/fr\/lenquete-sociolinguistique-un-thermometre-de-leuskara\/","og_locale":"fr_FR","og_type":"article","og_title":"L\u2019enqu\u00eate sociolinguistique : un thermom\u00e8tre de l\u2019euskara &#8226; On!","og_description":"L\u2019enqu\u00eate sociolinguistique est r\u00e9alis\u00e9e tous les 5 ans depuis 1991 sur l\u2019ensemble des territoires d\u2019expression de la langue basque, \u00e0 savoir : le territoire de la Communaut\u00e9 autonome d\u2019Euskadi, le territoire de la Navarre et le territoire du Pays Basque Nord. \u2192 Pourquoi une enqu\u00eate sociolinguistique\u00a0? Pour \u00e9tablir un \u00e9tat de situation de la vitalit\u00e9 [&hellip;]","og_url":"https:\/\/on.eus\/fr\/lenquete-sociolinguistique-un-thermometre-de-leuskara\/","og_site_name":"On!","article_publisher":"https:\/\/www.facebook.com\/ongietorria","article_published_time":"2025-09-23T06:00:21+00:00","article_modified_time":"2026-03-23T15:29:22+00:00","og_image":[{"width":2500,"height":1250,"url":"https:\/\/on.eus\/wp-content\/uploads\/2025\/09\/ON-euskara-inkesta.jpg","type":"image\/jpeg"}],"author":"ON!","twitter_card":"summary_large_image","twitter_misc":{"\u00c9crit par":"ON!","Dur\u00e9e de lecture estim\u00e9e":"1 minute"},"schema":{"@context":"https:\/\/schema.org","@graph":[{"@type":"Article","@id":"https:\/\/on.eus\/fr\/lenquete-sociolinguistique-un-thermometre-de-leuskara\/#article","isPartOf":{"@id":"https:\/\/on.eus\/fr\/lenquete-sociolinguistique-un-thermometre-de-leuskara\/"},"author":{"name":"ON!","@id":"https:\/\/on.eus\/fr\/#\/schema\/person\/4b8da70f888d6e56d467a615192bd5c8"},"headline":"L\u2019enqu\u00eate sociolinguistique : un thermom\u00e8tre de l\u2019euskara","datePublished":"2025-09-23T06:00:21+00:00","dateModified":"2026-03-23T15:29:22+00:00","mainEntityOfPage":{"@id":"https:\/\/on.eus\/fr\/lenquete-sociolinguistique-un-thermometre-de-leuskara\/"},"wordCount":218,"commentCount":0,"publisher":{"@id":"https:\/\/on.eus\/fr\/#organization"},"image":{"@id":"https:\/\/on.eus\/fr\/lenquete-sociolinguistique-un-thermometre-de-leuskara\/#primaryimage"},"thumbnailUrl":"https:\/\/on.eus\/wp-content\/uploads\/2025\/09\/ON-euskara-inkesta.jpg","articleSection":["Apprendre l&#039;euskara","D\u00e9couvrir l&#039;euskara","Vivre en euskara"],"inLanguage":"fr-FR","potentialAction":[{"@type":"CommentAction","name":"Comment","target":["https:\/\/on.eus\/fr\/lenquete-sociolinguistique-un-thermometre-de-leuskara\/#respond"]}]},{"@type":"WebPage","@id":"https:\/\/on.eus\/fr\/lenquete-sociolinguistique-un-thermometre-de-leuskara\/","url":"https:\/\/on.eus\/fr\/lenquete-sociolinguistique-un-thermometre-de-leuskara\/","name":"L\u2019enqu\u00eate sociolinguistique : un thermom\u00e8tre de l\u2019euskara &#8226; On!","isPartOf":{"@id":"https:\/\/on.eus\/fr\/#website"},"primaryImageOfPage":{"@id":"https:\/\/on.eus\/fr\/lenquete-sociolinguistique-un-thermometre-de-leuskara\/#primaryimage"},"image":{"@id":"https:\/\/on.eus\/fr\/lenquete-sociolinguistique-un-thermometre-de-leuskara\/#primaryimage"},"thumbnailUrl":"https:\/\/on.eus\/wp-content\/uploads\/2025\/09\/ON-euskara-inkesta.jpg","datePublished":"2025-09-23T06:00:21+00:00","dateModified":"2026-03-23T15:29:22+00:00","breadcrumb":{"@id":"https:\/\/on.eus\/fr\/lenquete-sociolinguistique-un-thermometre-de-leuskara\/#breadcrumb"},"inLanguage":"fr-FR","potentialAction":[{"@type":"ReadAction","target":["https:\/\/on.eus\/fr\/lenquete-sociolinguistique-un-thermometre-de-leuskara\/"]}]},{"@type":"ImageObject","inLanguage":"fr-FR","@id":"https:\/\/on.eus\/fr\/lenquete-sociolinguistique-un-thermometre-de-leuskara\/#primaryimage","url":"https:\/\/on.eus\/wp-content\/uploads\/2025\/09\/ON-euskara-inkesta.jpg","contentUrl":"https:\/\/on.eus\/wp-content\/uploads\/2025\/09\/ON-euskara-inkesta.jpg","width":2500,"height":1250},{"@type":"BreadcrumbList","@id":"https:\/\/on.eus\/fr\/lenquete-sociolinguistique-un-thermometre-de-leuskara\/#breadcrumb","itemListElement":[{"@type":"ListItem","position":1,"name":"Hasiera","item":"https:\/\/on.eus\/fr\/"},{"@type":"ListItem","position":2,"name":"L\u2019enqu\u00eate sociolinguistique : un thermom\u00e8tre de l\u2019euskara"}]},{"@type":"WebSite","@id":"https:\/\/on.eus\/fr\/#website","url":"https:\/\/on.eus\/fr\/","name":"ON!","description":"Pizten gaituena","publisher":{"@id":"https:\/\/on.eus\/fr\/#organization"},"alternateName":"Piztu euskaraz","potentialAction":[{"@type":"SearchAction","target":{"@type":"EntryPoint","urlTemplate":"https:\/\/on.eus\/fr\/?s={search_term_string}"},"query-input":{"@type":"PropertyValueSpecification","valueRequired":true,"valueName":"search_term_string"}}],"inLanguage":"fr-FR"},{"@type":"Organization","@id":"https:\/\/on.eus\/fr\/#organization","name":"On!","url":"https:\/\/on.eus\/fr\/","logo":{"@type":"ImageObject","inLanguage":"fr-FR","@id":"https:\/\/on.eus\/fr\/#\/schema\/logo\/image\/","url":"https:\/\/on.eus\/wp-content\/uploads\/2025\/09\/logo-on-euskara-eskura.png","contentUrl":"https:\/\/on.eus\/wp-content\/uploads\/2025\/09\/logo-on-euskara-eskura.png","width":696,"height":696,"caption":"On!"},"image":{"@id":"https:\/\/on.eus\/fr\/#\/schema\/logo\/image\/"},"sameAs":["https:\/\/www.facebook.com\/ongietorria","https:\/\/www.instagram.com\/onpiztu\/","https:\/\/www.linkedin.com\/company\/onpiztu","https:\/\/www.youtube.com\/@piztu-euskara","https:\/\/mastodon.eus\/@Piztueuskara"]},{"@type":"Person","@id":"https:\/\/on.eus\/fr\/#\/schema\/person\/4b8da70f888d6e56d467a615192bd5c8","name":"ON!","image":{"@type":"ImageObject","inLanguage":"fr-FR","@id":"https:\/\/secure.gravatar.com\/avatar\/4ff3461f4e3e7fe2e903032214fcc2f065751565b40581e9e1c1792ad5723239?s=96&d=mm&r=g","url":"https:\/\/secure.gravatar.com\/avatar\/4ff3461f4e3e7fe2e903032214fcc2f065751565b40581e9e1c1792ad5723239?s=96&d=mm&r=g","contentUrl":"https:\/\/secure.gravatar.com\/avatar\/4ff3461f4e3e7fe2e903032214fcc2f065751565b40581e9e1c1792ad5723239?s=96&d=mm&r=g","caption":"ON!"},"sameAs":["https:\/\/on.eus"],"url":"https:\/\/on.eus\/fr\/author\/info_pcac1wat\/"}]}},"_links":{"self":[{"href":"https:\/\/on.eus\/fr\/wp-json\/wp\/v2\/posts\/15063","targetHints":{"allow":["GET"]}}],"collection":[{"href":"https:\/\/on.eus\/fr\/wp-json\/wp\/v2\/posts"}],"about":[{"href":"https:\/\/on.eus\/fr\/wp-json\/wp\/v2\/types\/post"}],"author":[{"embeddable":true,"href":"https:\/\/on.eus\/fr\/wp-json\/wp\/v2\/users\/1"}],"replies":[{"embeddable":true,"href":"https:\/\/on.eus\/fr\/wp-json\/wp\/v2\/comments?post=15063"}],"version-history":[{"count":1,"href":"https:\/\/on.eus\/fr\/wp-json\/wp\/v2\/posts\/15063\/revisions"}],"predecessor-version":[{"id":21779,"href":"https:\/\/on.eus\/fr\/wp-json\/wp\/v2\/posts\/15063\/revisions\/21779"}],"wp:featuredmedia":[{"embeddable":true,"href":"https:\/\/on.eus\/fr\/wp-json\/wp\/v2\/media\/15064"}],"wp:attachment":[{"href":"https:\/\/on.eus\/fr\/wp-json\/wp\/v2\/media?parent=15063"}],"wp:term":[{"taxonomy":"category","embeddable":true,"href":"https:\/\/on.eus\/fr\/wp-json\/wp\/v2\/categories?post=15063"},{"taxonomy":"post_tag","embeddable":true,"href":"https:\/\/on.eus\/fr\/wp-json\/wp\/v2\/tags?post=15063"},{"taxonomy":"idazlea","embeddable":true,"href":"https:\/\/on.eus\/fr\/wp-json\/wp\/v2\/idazlea?post=15063"}],"curies":[{"name":"wp","href":"https:\/\/api.w.org\/{rel}","templated":true}]}}