{"id":21948,"date":"2025-10-07T08:55:24","date_gmt":"2025-10-07T06:55:24","guid":{"rendered":"https:\/\/on.eus\/?p=21948"},"modified":"2026-03-23T16:29:22","modified_gmt":"2026-03-23T15:29:22","slug":"euskaldundu-euskara-ikasteko-bultzada-ematen-duen-beka","status":"publish","type":"post","link":"https:\/\/on.eus\/fr\/euskaldundu-euskara-ikasteko-bultzada-ematen-duen-beka\/","title":{"rendered":"Euskaldundu : une bourse pour donner un coup de boost \u00e0 l\u2019apprentissage de l\u2019euskara !"},"content":{"rendered":"\t\t<div data-elementor-type=\"wp-post\" data-elementor-id=\"21948\" class=\"elementor elementor-21948 elementor-21939\" data-elementor-post-type=\"post\">\n\t\t\t\t<div class=\"elementor-element elementor-element-24e36d2a e-flex e-con-boxed e-con e-parent\" data-id=\"24e36d2a\" data-element_type=\"container\" data-e-type=\"container\">\n\t\t\t\t\t<div class=\"e-con-inner\">\n\t\t\t\t<div class=\"elementor-element elementor-element-70ca2893 elementor-widget elementor-widget-text-editor\" data-id=\"70ca2893\" data-element_type=\"widget\" data-e-type=\"widget\" data-widget_type=\"text-editor.default\">\n\t\t\t\t\t\t\t\t\t<p>Envie de vous lancer dans l\u2019apprentissage de l\u2019euskara ou de passer la vitesse sup\u00e9rieure\u00a0? Vous avez jusqu\u2019au 15 octobre pour d\u00e9poser votre candidature \u00e0 la bourse d\u2019apprentissage \u00e0 la langue basque Euskaldundu.<\/p>\t\t\t\t\t\t\t\t<\/div>\n\t\t\t\t<div class=\"elementor-element elementor-element-732b1c02 elementor-widget elementor-widget-heading\" data-id=\"732b1c02\" data-element_type=\"widget\" data-e-type=\"widget\" data-widget_type=\"heading.default\">\n\t\t\t\t\t<h2 class=\"elementor-heading-title elementor-size-default\">Euskaldundu c\u2019est quoi ?<\/h2>\t\t\t\t<\/div>\n\t\t\t\t<div class=\"elementor-element elementor-element-d2ec71e elementor-widget-divider--view-line elementor-widget elementor-widget-divider\" data-id=\"d2ec71e\" data-element_type=\"widget\" data-e-type=\"widget\" data-widget_type=\"divider.default\">\n\t\t\t\t\t\t\t<div class=\"elementor-divider\">\n\t\t\t<span class=\"elementor-divider-separator\">\n\t\t\t\t\t\t<\/span>\n\t\t<\/div>\n\t\t\t\t\t\t<\/div>\n\t\t\t\t<div class=\"elementor-element elementor-element-ab66190 elementor-widget elementor-widget-text-editor\" data-id=\"ab66190\" data-element_type=\"widget\" data-e-type=\"widget\" data-widget_type=\"text-editor.default\">\n\t\t\t\t\t\t\t\t\t<p>Cette bourse, attribu\u00e9e par la Communaut\u00e9 d\u2019Agglom\u00e9ration Pays Basque est une aide financi\u00e8re individuelle qui a pour but de d\u00e9velopper le nombre de locuteurs en langue basque, en particulier parmi\u00a0:<\/p><ul><li>Les jeunes et les \u00e9tudiants<\/li><li>Les parents d\u2019enfants suivant une scolarit\u00e9 bilingue ou immersive<\/li><li>Les adultes en situation d\u2019activit\u00e9 qui pourront faire vivre l\u2019euskara dans leur secteur professionnel<\/li><li>Les apprenants en cours du soir qui souhaitent acc\u00e9l\u00e9rer leur processus d\u2019apprentissage<\/li><\/ul>\t\t\t\t\t\t\t\t<\/div>\n\t\t\t\t<div class=\"elementor-element elementor-element-d7bd48e elementor-widget elementor-widget-heading\" data-id=\"d7bd48e\" data-element_type=\"widget\" data-e-type=\"widget\" data-widget_type=\"heading.default\">\n\t\t\t\t\t<h3 class=\"elementor-heading-title elementor-size-default\">Euskaldundu, pour qui ?<\/h3>\t\t\t\t<\/div>\n\t\t\t\t<div class=\"elementor-element elementor-element-364c2422 elementor-widget-divider--view-line elementor-widget elementor-widget-divider\" data-id=\"364c2422\" data-element_type=\"widget\" data-e-type=\"widget\" data-widget_type=\"divider.default\">\n\t\t\t\t\t\t\t<div class=\"elementor-divider\">\n\t\t\t<span class=\"elementor-divider-separator\">\n\t\t\t\t\t\t<\/span>\n\t\t<\/div>\n\t\t\t\t\t\t<\/div>\n\t\t\t\t<div class=\"elementor-element elementor-element-8ad8d78 elementor-widget elementor-widget-text-editor\" data-id=\"8ad8d78\" data-element_type=\"widget\" data-e-type=\"widget\" data-widget_type=\"text-editor.default\">\n\t\t\t\t\t\t\t\t\t<ul><li>Les adultes entre 18 et 64 ans, r\u00e9sidant sur le territoire communautaire et souhaitant se former de mani\u00e8re intensive \u00e0 la langue basque, dans le cadre d\u2019un projet professionnel, associatif ou personnel.<\/li><li>Les personnes doivent avoir pr\u00e9alablement mobilis\u00e9 <strong>tous les autres modes de financement<\/strong><\/li><\/ul>\t\t\t\t\t\t\t\t<\/div>\n\t\t\t\t<div class=\"elementor-element elementor-element-cde70c5 elementor-widget elementor-widget-heading\" data-id=\"cde70c5\" data-element_type=\"widget\" data-e-type=\"widget\" data-widget_type=\"heading.default\">\n\t\t\t\t\t<h4 class=\"elementor-heading-title elementor-size-default\">Euskaldundu, pour quels types de formation ?<\/h4>\t\t\t\t<\/div>\n\t\t\t\t<div class=\"elementor-element elementor-element-551d8c3 elementor-widget-divider--view-line elementor-widget elementor-widget-divider\" data-id=\"551d8c3\" data-element_type=\"widget\" data-e-type=\"widget\" data-widget_type=\"divider.default\">\n\t\t\t\t\t\t\t<div class=\"elementor-divider\">\n\t\t\t<span class=\"elementor-divider-separator\">\n\t\t\t\t\t\t<\/span>\n\t\t<\/div>\n\t\t\t\t\t\t<\/div>\n\t\t\t\t<div class=\"elementor-element elementor-element-582e1f6 elementor-widget elementor-widget-text-editor\" data-id=\"582e1f6\" data-element_type=\"widget\" data-e-type=\"widget\" data-widget_type=\"text-editor.default\">\n\t\t\t\t\t\t\t\t\t<ul><li>Le niveau de langue basque vis\u00e9 devra \u00eatre de niveau B1, B2 ou C1.<\/li><li>L\u2019intensit\u00e9 de la formation doit \u00eatre de 30 heures par semaine minimum et durer entre 120 heures et 1500 heures<\/li><li>La formation doit se d\u00e9rouler entre le 15 d\u00e9cembre 2024 et le 31 d\u00e9cembre 2027<\/li><\/ul>\t\t\t\t\t\t\t\t<\/div>\n\t\t\t\t\t<\/div>\n\t\t\t\t<\/div>\n\t\t<div class=\"elementor-element elementor-element-e661eea e-flex e-con-boxed e-con e-parent\" data-id=\"e661eea\" data-element_type=\"container\" data-e-type=\"container\" data-settings=\"{&quot;background_background&quot;:&quot;classic&quot;}\">\n\t\t\t\t\t<div class=\"e-con-inner\">\n\t\t\t\t<div class=\"elementor-element elementor-element-d2f451a elementor-widget elementor-widget-text-editor\" data-id=\"d2f451a\" data-element_type=\"widget\" data-e-type=\"widget\" data-widget_type=\"text-editor.default\">\n\t\t\t\t\t\t\t\t\t<p>Toutes les informations compl\u00e9mentaires sont disponibles sur le site de la Communaut\u00e9 d\u2019Agglom\u00e9ration Pays Basque\u00a0<\/p>\t\t\t\t\t\t\t\t<\/div>\n\t\t\t\t<div class=\"elementor-element elementor-element-969e7fd elementor-widget elementor-widget-button\" data-id=\"969e7fd\" data-element_type=\"widget\" data-e-type=\"widget\" data-widget_type=\"button.default\">\n\t\t\t\t\t\t\t\t\t\t<a class=\"elementor-button elementor-button-link elementor-size-sm\" href=\"https:\/\/www.communaute-paysbasque.fr\/aides-et-financements\/aide-et-financement\/dispositif-de-bourse-euskaldundu\" target=\"_blank\">\n\t\t\t\t\t\t<span class=\"elementor-button-content-wrapper\">\n\t\t\t\t\t\t<span class=\"elementor-button-icon\">\n\t\t\t\t<svg aria-hidden=\"true\" class=\"e-font-icon-svg e-far-arrow-alt-circle-right\" viewBox=\"0 0 512 512\" xmlns=\"http:\/\/www.w3.org\/2000\/svg\"><path d=\"M504 256C504 119 393 8 256 8S8 119 8 256s111 248 248 248 248-111 248-248zm-448 0c0-110.5 89.5-200 200-200s200 89.5 200 200-89.5 200-200 200S56 366.5 56 256zm72 20v-40c0-6.6 5.4-12 12-12h116v-67c0-10.7 12.9-16 20.5-8.5l99 99c4.7 4.7 4.7 12.3 0 17l-99 99c-7.6 7.6-20.5 2.2-20.5-8.5v-67H140c-6.6 0-12-5.4-12-12z\"><\/path><\/svg>\t\t\t<\/span>\n\t\t\t\t\t\t\t\t\t<span class=\"elementor-button-text\">Par ici<\/span>\n\t\t\t\t\t<\/span>\n\t\t\t\t\t<\/a>\n\t\t\t\t\t\t\t\t<\/div>\n\t\t\t\t<div class=\"elementor-element elementor-element-0b2dd56 elementor-widget elementor-widget-text-editor\" data-id=\"0b2dd56\" data-element_type=\"widget\" data-e-type=\"widget\" data-widget_type=\"text-editor.default\">\n\t\t\t\t\t\t\t\t\t<p>Le dossier de candidature en ligne est disponible<\/p>\t\t\t\t\t\t\t\t<\/div>\n\t\t\t\t<div class=\"elementor-element elementor-element-8f4f6bc elementor-widget elementor-widget-button\" data-id=\"8f4f6bc\" data-element_type=\"widget\" data-e-type=\"widget\" data-widget_type=\"button.default\">\n\t\t\t\t\t\t\t\t\t\t<a class=\"elementor-button elementor-button-link elementor-size-sm\" href=\"https:\/\/www.communaute-paysbasque.fr\/mes-demarches\/demarches\/faire-une-demande-de-bourse-euskaldundu-par-internet\" target=\"_blank\">\n\t\t\t\t\t\t<span class=\"elementor-button-content-wrapper\">\n\t\t\t\t\t\t<span class=\"elementor-button-icon\">\n\t\t\t\t<svg aria-hidden=\"true\" class=\"e-font-icon-svg e-far-arrow-alt-circle-right\" viewBox=\"0 0 512 512\" xmlns=\"http:\/\/www.w3.org\/2000\/svg\"><path d=\"M504 256C504 119 393 8 256 8S8 119 8 256s111 248 248 248 248-111 248-248zm-448 0c0-110.5 89.5-200 200-200s200 89.5 200 200-89.5 200-200 200S56 366.5 56 256zm72 20v-40c0-6.6 5.4-12 12-12h116v-67c0-10.7 12.9-16 20.5-8.5l99 99c4.7 4.7 4.7 12.3 0 17l-99 99c-7.6 7.6-20.5 2.2-20.5-8.5v-67H140c-6.6 0-12-5.4-12-12z\"><\/path><\/svg>\t\t\t<\/span>\n\t\t\t\t\t\t\t\t\t<span class=\"elementor-button-text\">Par ici<\/span>\n\t\t\t\t\t<\/span>\n\t\t\t\t\t<\/a>\n\t\t\t\t\t\t\t\t<\/div>\n\t\t\t\t\t<\/div>\n\t\t\t\t<\/div>\n\t\t\t\t<\/div>\n\t\t","protected":false},"excerpt":{"rendered":"<p>Envie de vous lancer dans l\u2019apprentissage de l\u2019euskara ou de passer la vitesse sup\u00e9rieure\u00a0? Vous avez jusqu\u2019au 15 octobre pour d\u00e9poser votre candidature \u00e0 la bourse d\u2019apprentissage \u00e0 la langue basque Euskaldundu. Euskaldundu c\u2019est quoi ? Cette bourse, attribu\u00e9e par la Communaut\u00e9 d\u2019Agglom\u00e9ration Pays Basque est une aide financi\u00e8re individuelle qui a pour but de [&hellip;]<\/p>\n","protected":false},"author":1,"featured_media":21957,"comment_status":"closed","ping_status":"closed","sticky":false,"template":"","format":"standard","meta":{"_acf_changed":false,"footnotes":""},"categories":[199,196],"tags":[],"idazlea":[353],"class_list":["post-21948","post","type-post","status-publish","format-standard","has-post-thumbnail","hentry","category-apprendre-leuskara","category-decouvrir-leuskara","idazlea-on"],"acf":[],"yoast_head":"<!-- This site is optimized with the Yoast SEO plugin v27.5 - https:\/\/yoast.com\/product\/yoast-seo-wordpress\/ -->\n<title>Euskaldundu : une bourse pour donner un coup de boost \u00e0 l\u2019apprentissage de l\u2019euskara ! &#8226; On!<\/title>\n<meta name=\"robots\" content=\"index, follow, max-snippet:-1, max-image-preview:large, max-video-preview:-1\" \/>\n<link rel=\"canonical\" href=\"https:\/\/on.eus\/fr\/euskaldundu-euskara-ikasteko-bultzada-ematen-duen-beka\/\" \/>\n<meta property=\"og:locale\" content=\"fr_FR\" \/>\n<meta property=\"og:type\" content=\"article\" \/>\n<meta property=\"og:title\" content=\"Euskaldundu : une bourse pour donner un coup de boost \u00e0 l\u2019apprentissage de l\u2019euskara ! &#8226; On!\" \/>\n<meta property=\"og:description\" content=\"Envie de vous lancer dans l\u2019apprentissage de l\u2019euskara ou de passer la vitesse sup\u00e9rieure\u00a0? Vous avez jusqu\u2019au 15 octobre pour d\u00e9poser votre candidature \u00e0 la bourse d\u2019apprentissage \u00e0 la langue basque Euskaldundu. Euskaldundu c\u2019est quoi ? Cette bourse, attribu\u00e9e par la Communaut\u00e9 d\u2019Agglom\u00e9ration Pays Basque est une aide financi\u00e8re individuelle qui a pour but de [&hellip;]\" \/>\n<meta property=\"og:url\" content=\"https:\/\/on.eus\/fr\/euskaldundu-euskara-ikasteko-bultzada-ematen-duen-beka\/\" \/>\n<meta property=\"og:site_name\" content=\"On!\" \/>\n<meta property=\"article:publisher\" content=\"https:\/\/www.facebook.com\/ongietorria\" \/>\n<meta property=\"article:published_time\" content=\"2025-10-07T06:55:24+00:00\" \/>\n<meta property=\"article:modified_time\" content=\"2026-03-23T15:29:22+00:00\" \/>\n<meta property=\"og:image\" content=\"https:\/\/on.eus\/wp-content\/uploads\/2025\/10\/on-euskaldundu-beka.jpg\" \/>\n\t<meta property=\"og:image:width\" content=\"1920\" \/>\n\t<meta property=\"og:image:height\" content=\"1080\" \/>\n\t<meta property=\"og:image:type\" content=\"image\/jpeg\" \/>\n<meta name=\"author\" content=\"ON!\" \/>\n<meta name=\"twitter:card\" content=\"summary_large_image\" \/>\n<meta name=\"twitter:label1\" content=\"\u00c9crit par\" \/>\n\t<meta name=\"twitter:data1\" content=\"ON!\" \/>\n\t<meta name=\"twitter:label2\" content=\"Dur\u00e9e de lecture estim\u00e9e\" \/>\n\t<meta name=\"twitter:data2\" content=\"2 minutes\" \/>\n<script type=\"application\/ld+json\" class=\"yoast-schema-graph\">{\"@context\":\"https:\\\/\\\/schema.org\",\"@graph\":[{\"@type\":\"Article\",\"@id\":\"https:\\\/\\\/on.eus\\\/fr\\\/euskaldundu-euskara-ikasteko-bultzada-ematen-duen-beka\\\/#article\",\"isPartOf\":{\"@id\":\"https:\\\/\\\/on.eus\\\/fr\\\/euskaldundu-euskara-ikasteko-bultzada-ematen-duen-beka\\\/\"},\"author\":{\"name\":\"ON!\",\"@id\":\"https:\\\/\\\/on.eus\\\/fr\\\/#\\\/schema\\\/person\\\/4b8da70f888d6e56d467a615192bd5c8\"},\"headline\":\"Euskaldundu : une bourse pour donner un coup de boost \u00e0 l\u2019apprentissage de l\u2019euskara !\",\"datePublished\":\"2025-10-07T06:55:24+00:00\",\"dateModified\":\"2026-03-23T15:29:22+00:00\",\"mainEntityOfPage\":{\"@id\":\"https:\\\/\\\/on.eus\\\/fr\\\/euskaldundu-euskara-ikasteko-bultzada-ematen-duen-beka\\\/\"},\"wordCount\":264,\"publisher\":{\"@id\":\"https:\\\/\\\/on.eus\\\/fr\\\/#organization\"},\"image\":{\"@id\":\"https:\\\/\\\/on.eus\\\/fr\\\/euskaldundu-euskara-ikasteko-bultzada-ematen-duen-beka\\\/#primaryimage\"},\"thumbnailUrl\":\"https:\\\/\\\/on.eus\\\/wp-content\\\/uploads\\\/2025\\\/10\\\/on-euskaldundu-beka.jpg\",\"articleSection\":[\"Apprendre l&#039;euskara\",\"D\u00e9couvrir l&#039;euskara\"],\"inLanguage\":\"fr-FR\"},{\"@type\":\"WebPage\",\"@id\":\"https:\\\/\\\/on.eus\\\/fr\\\/euskaldundu-euskara-ikasteko-bultzada-ematen-duen-beka\\\/\",\"url\":\"https:\\\/\\\/on.eus\\\/fr\\\/euskaldundu-euskara-ikasteko-bultzada-ematen-duen-beka\\\/\",\"name\":\"Euskaldundu : une bourse pour donner un coup de boost \u00e0 l\u2019apprentissage de l\u2019euskara ! &#8226; On!\",\"isPartOf\":{\"@id\":\"https:\\\/\\\/on.eus\\\/fr\\\/#website\"},\"primaryImageOfPage\":{\"@id\":\"https:\\\/\\\/on.eus\\\/fr\\\/euskaldundu-euskara-ikasteko-bultzada-ematen-duen-beka\\\/#primaryimage\"},\"image\":{\"@id\":\"https:\\\/\\\/on.eus\\\/fr\\\/euskaldundu-euskara-ikasteko-bultzada-ematen-duen-beka\\\/#primaryimage\"},\"thumbnailUrl\":\"https:\\\/\\\/on.eus\\\/wp-content\\\/uploads\\\/2025\\\/10\\\/on-euskaldundu-beka.jpg\",\"datePublished\":\"2025-10-07T06:55:24+00:00\",\"dateModified\":\"2026-03-23T15:29:22+00:00\",\"breadcrumb\":{\"@id\":\"https:\\\/\\\/on.eus\\\/fr\\\/euskaldundu-euskara-ikasteko-bultzada-ematen-duen-beka\\\/#breadcrumb\"},\"inLanguage\":\"fr-FR\",\"potentialAction\":[{\"@type\":\"ReadAction\",\"target\":[\"https:\\\/\\\/on.eus\\\/fr\\\/euskaldundu-euskara-ikasteko-bultzada-ematen-duen-beka\\\/\"]}]},{\"@type\":\"ImageObject\",\"inLanguage\":\"fr-FR\",\"@id\":\"https:\\\/\\\/on.eus\\\/fr\\\/euskaldundu-euskara-ikasteko-bultzada-ematen-duen-beka\\\/#primaryimage\",\"url\":\"https:\\\/\\\/on.eus\\\/wp-content\\\/uploads\\\/2025\\\/10\\\/on-euskaldundu-beka.jpg\",\"contentUrl\":\"https:\\\/\\\/on.eus\\\/wp-content\\\/uploads\\\/2025\\\/10\\\/on-euskaldundu-beka.jpg\",\"width\":1920,\"height\":1080},{\"@type\":\"BreadcrumbList\",\"@id\":\"https:\\\/\\\/on.eus\\\/fr\\\/euskaldundu-euskara-ikasteko-bultzada-ematen-duen-beka\\\/#breadcrumb\",\"itemListElement\":[{\"@type\":\"ListItem\",\"position\":1,\"name\":\"Hasiera\",\"item\":\"https:\\\/\\\/on.eus\\\/fr\\\/\"},{\"@type\":\"ListItem\",\"position\":2,\"name\":\"Euskaldundu : une bourse pour donner un coup de boost \u00e0 l\u2019apprentissage de l\u2019euskara !\"}]},{\"@type\":\"WebSite\",\"@id\":\"https:\\\/\\\/on.eus\\\/fr\\\/#website\",\"url\":\"https:\\\/\\\/on.eus\\\/fr\\\/\",\"name\":\"ON!\",\"description\":\"Pizten gaituena\",\"publisher\":{\"@id\":\"https:\\\/\\\/on.eus\\\/fr\\\/#organization\"},\"alternateName\":\"Piztu euskaraz\",\"potentialAction\":[{\"@type\":\"SearchAction\",\"target\":{\"@type\":\"EntryPoint\",\"urlTemplate\":\"https:\\\/\\\/on.eus\\\/fr\\\/?s={search_term_string}\"},\"query-input\":{\"@type\":\"PropertyValueSpecification\",\"valueRequired\":true,\"valueName\":\"search_term_string\"}}],\"inLanguage\":\"fr-FR\"},{\"@type\":\"Organization\",\"@id\":\"https:\\\/\\\/on.eus\\\/fr\\\/#organization\",\"name\":\"On!\",\"url\":\"https:\\\/\\\/on.eus\\\/fr\\\/\",\"logo\":{\"@type\":\"ImageObject\",\"inLanguage\":\"fr-FR\",\"@id\":\"https:\\\/\\\/on.eus\\\/fr\\\/#\\\/schema\\\/logo\\\/image\\\/\",\"url\":\"https:\\\/\\\/on.eus\\\/wp-content\\\/uploads\\\/2025\\\/09\\\/logo-on-euskara-eskura.png\",\"contentUrl\":\"https:\\\/\\\/on.eus\\\/wp-content\\\/uploads\\\/2025\\\/09\\\/logo-on-euskara-eskura.png\",\"width\":696,\"height\":696,\"caption\":\"On!\"},\"image\":{\"@id\":\"https:\\\/\\\/on.eus\\\/fr\\\/#\\\/schema\\\/logo\\\/image\\\/\"},\"sameAs\":[\"https:\\\/\\\/www.facebook.com\\\/ongietorria\",\"https:\\\/\\\/www.instagram.com\\\/onpiztu\\\/\",\"https:\\\/\\\/www.linkedin.com\\\/company\\\/onpiztu\",\"https:\\\/\\\/www.youtube.com\\\/@piztu-euskara\",\"https:\\\/\\\/mastodon.eus\\\/@Piztueuskara\"]},{\"@type\":\"Person\",\"@id\":\"https:\\\/\\\/on.eus\\\/fr\\\/#\\\/schema\\\/person\\\/4b8da70f888d6e56d467a615192bd5c8\",\"name\":\"ON!\",\"image\":{\"@type\":\"ImageObject\",\"inLanguage\":\"fr-FR\",\"@id\":\"https:\\\/\\\/secure.gravatar.com\\\/avatar\\\/4ff3461f4e3e7fe2e903032214fcc2f065751565b40581e9e1c1792ad5723239?s=96&d=mm&r=g\",\"url\":\"https:\\\/\\\/secure.gravatar.com\\\/avatar\\\/4ff3461f4e3e7fe2e903032214fcc2f065751565b40581e9e1c1792ad5723239?s=96&d=mm&r=g\",\"contentUrl\":\"https:\\\/\\\/secure.gravatar.com\\\/avatar\\\/4ff3461f4e3e7fe2e903032214fcc2f065751565b40581e9e1c1792ad5723239?s=96&d=mm&r=g\",\"caption\":\"ON!\"},\"sameAs\":[\"https:\\\/\\\/on.eus\"],\"url\":\"https:\\\/\\\/on.eus\\\/fr\\\/author\\\/info_pcac1wat\\\/\"}]}<\/script>\n<!-- \/ Yoast SEO plugin. -->","yoast_head_json":{"title":"Euskaldundu : une bourse pour donner un coup de boost \u00e0 l\u2019apprentissage de l\u2019euskara ! &#8226; On!","robots":{"index":"index","follow":"follow","max-snippet":"max-snippet:-1","max-image-preview":"max-image-preview:large","max-video-preview":"max-video-preview:-1"},"canonical":"https:\/\/on.eus\/fr\/euskaldundu-euskara-ikasteko-bultzada-ematen-duen-beka\/","og_locale":"fr_FR","og_type":"article","og_title":"Euskaldundu : une bourse pour donner un coup de boost \u00e0 l\u2019apprentissage de l\u2019euskara ! &#8226; On!","og_description":"Envie de vous lancer dans l\u2019apprentissage de l\u2019euskara ou de passer la vitesse sup\u00e9rieure\u00a0? Vous avez jusqu\u2019au 15 octobre pour d\u00e9poser votre candidature \u00e0 la bourse d\u2019apprentissage \u00e0 la langue basque Euskaldundu. Euskaldundu c\u2019est quoi ? Cette bourse, attribu\u00e9e par la Communaut\u00e9 d\u2019Agglom\u00e9ration Pays Basque est une aide financi\u00e8re individuelle qui a pour but de [&hellip;]","og_url":"https:\/\/on.eus\/fr\/euskaldundu-euskara-ikasteko-bultzada-ematen-duen-beka\/","og_site_name":"On!","article_publisher":"https:\/\/www.facebook.com\/ongietorria","article_published_time":"2025-10-07T06:55:24+00:00","article_modified_time":"2026-03-23T15:29:22+00:00","og_image":[{"width":1920,"height":1080,"url":"https:\/\/on.eus\/wp-content\/uploads\/2025\/10\/on-euskaldundu-beka.jpg","type":"image\/jpeg"}],"author":"ON!","twitter_card":"summary_large_image","twitter_misc":{"\u00c9crit par":"ON!","Dur\u00e9e de lecture estim\u00e9e":"2 minutes"},"schema":{"@context":"https:\/\/schema.org","@graph":[{"@type":"Article","@id":"https:\/\/on.eus\/fr\/euskaldundu-euskara-ikasteko-bultzada-ematen-duen-beka\/#article","isPartOf":{"@id":"https:\/\/on.eus\/fr\/euskaldundu-euskara-ikasteko-bultzada-ematen-duen-beka\/"},"author":{"name":"ON!","@id":"https:\/\/on.eus\/fr\/#\/schema\/person\/4b8da70f888d6e56d467a615192bd5c8"},"headline":"Euskaldundu : une bourse pour donner un coup de boost \u00e0 l\u2019apprentissage de l\u2019euskara !","datePublished":"2025-10-07T06:55:24+00:00","dateModified":"2026-03-23T15:29:22+00:00","mainEntityOfPage":{"@id":"https:\/\/on.eus\/fr\/euskaldundu-euskara-ikasteko-bultzada-ematen-duen-beka\/"},"wordCount":264,"publisher":{"@id":"https:\/\/on.eus\/fr\/#organization"},"image":{"@id":"https:\/\/on.eus\/fr\/euskaldundu-euskara-ikasteko-bultzada-ematen-duen-beka\/#primaryimage"},"thumbnailUrl":"https:\/\/on.eus\/wp-content\/uploads\/2025\/10\/on-euskaldundu-beka.jpg","articleSection":["Apprendre l&#039;euskara","D\u00e9couvrir l&#039;euskara"],"inLanguage":"fr-FR"},{"@type":"WebPage","@id":"https:\/\/on.eus\/fr\/euskaldundu-euskara-ikasteko-bultzada-ematen-duen-beka\/","url":"https:\/\/on.eus\/fr\/euskaldundu-euskara-ikasteko-bultzada-ematen-duen-beka\/","name":"Euskaldundu : une bourse pour donner un coup de boost \u00e0 l\u2019apprentissage de l\u2019euskara ! &#8226; On!","isPartOf":{"@id":"https:\/\/on.eus\/fr\/#website"},"primaryImageOfPage":{"@id":"https:\/\/on.eus\/fr\/euskaldundu-euskara-ikasteko-bultzada-ematen-duen-beka\/#primaryimage"},"image":{"@id":"https:\/\/on.eus\/fr\/euskaldundu-euskara-ikasteko-bultzada-ematen-duen-beka\/#primaryimage"},"thumbnailUrl":"https:\/\/on.eus\/wp-content\/uploads\/2025\/10\/on-euskaldundu-beka.jpg","datePublished":"2025-10-07T06:55:24+00:00","dateModified":"2026-03-23T15:29:22+00:00","breadcrumb":{"@id":"https:\/\/on.eus\/fr\/euskaldundu-euskara-ikasteko-bultzada-ematen-duen-beka\/#breadcrumb"},"inLanguage":"fr-FR","potentialAction":[{"@type":"ReadAction","target":["https:\/\/on.eus\/fr\/euskaldundu-euskara-ikasteko-bultzada-ematen-duen-beka\/"]}]},{"@type":"ImageObject","inLanguage":"fr-FR","@id":"https:\/\/on.eus\/fr\/euskaldundu-euskara-ikasteko-bultzada-ematen-duen-beka\/#primaryimage","url":"https:\/\/on.eus\/wp-content\/uploads\/2025\/10\/on-euskaldundu-beka.jpg","contentUrl":"https:\/\/on.eus\/wp-content\/uploads\/2025\/10\/on-euskaldundu-beka.jpg","width":1920,"height":1080},{"@type":"BreadcrumbList","@id":"https:\/\/on.eus\/fr\/euskaldundu-euskara-ikasteko-bultzada-ematen-duen-beka\/#breadcrumb","itemListElement":[{"@type":"ListItem","position":1,"name":"Hasiera","item":"https:\/\/on.eus\/fr\/"},{"@type":"ListItem","position":2,"name":"Euskaldundu : une bourse pour donner un coup de boost \u00e0 l\u2019apprentissage de l\u2019euskara !"}]},{"@type":"WebSite","@id":"https:\/\/on.eus\/fr\/#website","url":"https:\/\/on.eus\/fr\/","name":"ON!","description":"Pizten gaituena","publisher":{"@id":"https:\/\/on.eus\/fr\/#organization"},"alternateName":"Piztu euskaraz","potentialAction":[{"@type":"SearchAction","target":{"@type":"EntryPoint","urlTemplate":"https:\/\/on.eus\/fr\/?s={search_term_string}"},"query-input":{"@type":"PropertyValueSpecification","valueRequired":true,"valueName":"search_term_string"}}],"inLanguage":"fr-FR"},{"@type":"Organization","@id":"https:\/\/on.eus\/fr\/#organization","name":"On!","url":"https:\/\/on.eus\/fr\/","logo":{"@type":"ImageObject","inLanguage":"fr-FR","@id":"https:\/\/on.eus\/fr\/#\/schema\/logo\/image\/","url":"https:\/\/on.eus\/wp-content\/uploads\/2025\/09\/logo-on-euskara-eskura.png","contentUrl":"https:\/\/on.eus\/wp-content\/uploads\/2025\/09\/logo-on-euskara-eskura.png","width":696,"height":696,"caption":"On!"},"image":{"@id":"https:\/\/on.eus\/fr\/#\/schema\/logo\/image\/"},"sameAs":["https:\/\/www.facebook.com\/ongietorria","https:\/\/www.instagram.com\/onpiztu\/","https:\/\/www.linkedin.com\/company\/onpiztu","https:\/\/www.youtube.com\/@piztu-euskara","https:\/\/mastodon.eus\/@Piztueuskara"]},{"@type":"Person","@id":"https:\/\/on.eus\/fr\/#\/schema\/person\/4b8da70f888d6e56d467a615192bd5c8","name":"ON!","image":{"@type":"ImageObject","inLanguage":"fr-FR","@id":"https:\/\/secure.gravatar.com\/avatar\/4ff3461f4e3e7fe2e903032214fcc2f065751565b40581e9e1c1792ad5723239?s=96&d=mm&r=g","url":"https:\/\/secure.gravatar.com\/avatar\/4ff3461f4e3e7fe2e903032214fcc2f065751565b40581e9e1c1792ad5723239?s=96&d=mm&r=g","contentUrl":"https:\/\/secure.gravatar.com\/avatar\/4ff3461f4e3e7fe2e903032214fcc2f065751565b40581e9e1c1792ad5723239?s=96&d=mm&r=g","caption":"ON!"},"sameAs":["https:\/\/on.eus"],"url":"https:\/\/on.eus\/fr\/author\/info_pcac1wat\/"}]}},"_links":{"self":[{"href":"https:\/\/on.eus\/fr\/wp-json\/wp\/v2\/posts\/21948","targetHints":{"allow":["GET"]}}],"collection":[{"href":"https:\/\/on.eus\/fr\/wp-json\/wp\/v2\/posts"}],"about":[{"href":"https:\/\/on.eus\/fr\/wp-json\/wp\/v2\/types\/post"}],"author":[{"embeddable":true,"href":"https:\/\/on.eus\/fr\/wp-json\/wp\/v2\/users\/1"}],"replies":[{"embeddable":true,"href":"https:\/\/on.eus\/fr\/wp-json\/wp\/v2\/comments?post=21948"}],"version-history":[{"count":4,"href":"https:\/\/on.eus\/fr\/wp-json\/wp\/v2\/posts\/21948\/revisions"}],"predecessor-version":[{"id":21952,"href":"https:\/\/on.eus\/fr\/wp-json\/wp\/v2\/posts\/21948\/revisions\/21952"}],"wp:featuredmedia":[{"embeddable":true,"href":"https:\/\/on.eus\/fr\/wp-json\/wp\/v2\/media\/21957"}],"wp:attachment":[{"href":"https:\/\/on.eus\/fr\/wp-json\/wp\/v2\/media?parent=21948"}],"wp:term":[{"taxonomy":"category","embeddable":true,"href":"https:\/\/on.eus\/fr\/wp-json\/wp\/v2\/categories?post=21948"},{"taxonomy":"post_tag","embeddable":true,"href":"https:\/\/on.eus\/fr\/wp-json\/wp\/v2\/tags?post=21948"},{"taxonomy":"idazlea","embeddable":true,"href":"https:\/\/on.eus\/fr\/wp-json\/wp\/v2\/idazlea?post=21948"}],"curies":[{"name":"wp","href":"https:\/\/api.w.org\/{rel}","templated":true}]}}